{"id":2563,"date":"2021-11-03T12:36:35","date_gmt":"2021-11-03T12:36:35","guid":{"rendered":"http:\/\/icomos.at\/wp2021\/?p=2563"},"modified":"2021-11-03T12:36:52","modified_gmt":"2021-11-03T12:36:52","slug":"prasentation-und-diskussion-vorschlage-und-uberlegungen-fur-ein-neues-denkmalrecht","status":"publish","type":"post","link":"http:\/\/icomos.at\/wp2021\/prasentation-und-diskussion-vorschlage-und-uberlegungen-fur-ein-neues-denkmalrecht\/","title":{"rendered":"Pr\u00e4sentation und Diskussion: Vorschl\u00e4ge und \u00dcberlegungen f\u00fcr ein neues Denkmalrecht"},"content":{"rendered":"<article data-permalink=\"http:\/\/icomos.at\/wordpress\/2019\/09\/22\/vortrag-icomos-und-das-unesco-welterbe-in-oesterreich\/\">\n<div>\n<div id=\"tm-middle\" class=\"tm-middle uk-grid\" data-uk-grid-match=\"\" data-uk-grid-margin=\"\">\n<div class=\"tm-main uk-width-medium-3-4 uk-row-first\">\n<article class=\"uk-article\" data-permalink=\"http:\/\/icomos.at\/wordpress\/2019\/09\/22\/vortrag-icomos-und-das-unesco-welterbe-in-oesterreich\/\"><strong><span lang=\"DE\">Donnerstag, 4. November 2021, 17:00 Uhr <\/span><\/strong><span lang=\"DE\">(um Anmeldung wird gebeten: <a href=\"mailto:office@icomos.at\">office@icomos.at<\/a>)<\/span><strong><span lang=\"DE\"><br \/>\n<\/span><\/strong><span lang=\"DE\"><strong>Rathaus Wien, Sitzungszimmer 1. Stock<\/strong><\/span><\/article>\n<article class=\"uk-article\" data-permalink=\"http:\/\/icomos.at\/wordpress\/2019\/09\/22\/vortrag-icomos-und-das-unesco-welterbe-in-oesterreich\/\"><span lang=\"DE\"><strong>\u00a0<\/strong><\/span><\/article>\n<article data-permalink=\"http:\/\/icomos.at\/wordpress\/2019\/09\/22\/vortrag-icomos-und-das-unesco-welterbe-in-oesterreich\/\"><\/article>\n<article data-permalink=\"http:\/\/icomos.at\/wordpress\/2019\/09\/22\/vortrag-icomos-und-das-unesco-welterbe-in-oesterreich\/\"><\/article>\n<\/div>\n<\/div>\n<article data-permalink=\"http:\/\/icomos.at\/wordpress\/2019\/09\/22\/vortrag-icomos-und-das-unesco-welterbe-in-oesterreich\/\"><\/article>\n<article data-permalink=\"http:\/\/icomos.at\/wordpress\/2019\/09\/22\/vortrag-icomos-und-das-unesco-welterbe-in-oesterreich\/\"><\/article>\n<article data-permalink=\"http:\/\/icomos.at\/wordpress\/2019\/09\/22\/vortrag-icomos-und-das-unesco-welterbe-in-oesterreich\/\"><\/article>\n<article data-permalink=\"http:\/\/icomos.at\/wordpress\/2019\/09\/22\/vortrag-icomos-und-das-unesco-welterbe-in-oesterreich\/\"><\/article>\n<article data-permalink=\"http:\/\/icomos.at\/wordpress\/2019\/09\/22\/vortrag-icomos-und-das-unesco-welterbe-in-oesterreich\/\"><\/article>\n<article data-permalink=\"http:\/\/icomos.at\/wordpress\/2019\/09\/22\/vortrag-icomos-und-das-unesco-welterbe-in-oesterreich\/\"><\/article>\n<article data-permalink=\"http:\/\/icomos.at\/wordpress\/2019\/09\/22\/vortrag-icomos-und-das-unesco-welterbe-in-oesterreich\/\"><\/article>\n<article data-permalink=\"http:\/\/icomos.at\/wordpress\/2019\/09\/22\/vortrag-icomos-und-das-unesco-welterbe-in-oesterreich\/\"><\/article>\n<article data-permalink=\"http:\/\/icomos.at\/wordpress\/2019\/09\/22\/vortrag-icomos-und-das-unesco-welterbe-in-oesterreich\/\"><span lang=\"DE\">Im Rahmen der <strong>CHNT26<\/strong> (Konferenz \u201eCultural Heritage and New Technologies\u201c vom 02. bis zum 04. November) im Wiener Rathaus pr\u00e4sentiert die ICOMOS-Arbeitsgruppe \u201eRecht und kulturelles Erbe\u201c unter ihrem Obmann SC i.R. <strong>Prof. Dr. Manfred Matzka<\/strong> ihre soeben publizierten Vorschl\u00e4ge und Vorstellungen f\u00fcr eine Novellierung des \u00f6sterreichischen Denkmalschutzrechts.<\/span><\/article>\n<article data-permalink=\"http:\/\/icomos.at\/wordpress\/2019\/09\/22\/vortrag-icomos-und-das-unesco-welterbe-in-oesterreich\/\"><span lang=\"DE\">\u00a0<\/span><\/article>\n<article data-permalink=\"http:\/\/icomos.at\/wordpress\/2019\/09\/22\/vortrag-icomos-und-das-unesco-welterbe-in-oesterreich\/\"><\/article>\n<article data-permalink=\"http:\/\/icomos.at\/wordpress\/2019\/09\/22\/vortrag-icomos-und-das-unesco-welterbe-in-oesterreich\/\"><\/article>\n<article data-permalink=\"http:\/\/icomos.at\/wordpress\/2019\/09\/22\/vortrag-icomos-und-das-unesco-welterbe-in-oesterreich\/\"><span lang=\"DE\">Nicht ohne Grund wird seit einiger Zeit \u00fcber die Notwendigkeit einer Weiterentwicklung des Denkmalschutzrechts diskutiert. Die Erfahrungen mit dem Vollzug des Denkmalschutzgesetzes, eine umfangreiche Judikatur, neue Normen im V\u00f6lkerrecht, wachsendes Interesse einer kritischen \u00d6ffentlichkeit sowie moderne Entwicklungen im Verwaltungsrecht und in der B\u00fcrger-Partizipation geben dieser Diskussion Impulse. Sie lassen erkennen, dass es nicht nur um eine isolierte Novellierung des Denkmalschutzgesetzes geht, sondern um eine breitere Fortentwicklung der einschl\u00e4gigen Rechtsbereiche.<\/span><\/article>\n<article data-permalink=\"http:\/\/icomos.at\/wordpress\/2019\/09\/22\/vortrag-icomos-und-das-unesco-welterbe-in-oesterreich\/\"><span lang=\"DE\">\u00a0<\/span><\/article>\n<article data-permalink=\"http:\/\/icomos.at\/wordpress\/2019\/09\/22\/vortrag-icomos-und-das-unesco-welterbe-in-oesterreich\/\"><\/article>\n<article data-permalink=\"http:\/\/icomos.at\/wordpress\/2019\/09\/22\/vortrag-icomos-und-das-unesco-welterbe-in-oesterreich\/\"><\/article>\n<article data-permalink=\"http:\/\/icomos.at\/wordpress\/2019\/09\/22\/vortrag-icomos-und-das-unesco-welterbe-in-oesterreich\/\"><span lang=\"DE\">Die Expertengruppe hat daher Vorschl\u00e4ge in einer Punktation aufgelistet und begr\u00fcndet, die sich angesichts dieser Herausforderungen aus der Perspektive einer praktikablen, \u201eangewandten Denkmalpflege\u201c auf internationalem Niveau ergeben. Sie empfiehlt, eine umfassende Sichtweise im Gesetz zu verankern, die v\u00f6lkerrechtlichen Normen (endlich) konsistent innerstaatlich umzusetzen, die Begrifflichkeiten des Gesetzes zu \u00fcberarbeiten, Parteienrechte auszubauen, Verwaltungsverfahren zu konzentrieren, die Struktur des Bundesdenkmalamtes zu verbessern, die Rolle der Sachverst\u00e4ndigen neu zu fassen, eine effektive Rechtsdurchsetzung zu erm\u00f6glichen und einiges andere mehr.<\/span><\/article>\n<\/div>\n<\/article>\n","protected":false},"excerpt":{"rendered":"<p>Donnerstag, 4. November 2021, 17:00 Uhr (um Anmeldung wird gebeten: office@icomos.at) Rathaus Wien, Sitzungszimmer 1. Stock \u00a0 Im Rahmen der CHNT26 (Konferenz \u201eCultural Heritage and New Technologies\u201c vom 02. bis zum 04. November) im Wiener Rathaus pr\u00e4sentiert die ICOMOS-Arbeitsgruppe \u201eRecht und kulturelles Erbe\u201c unter ihrem Obmann SC i.R. Prof. Dr. Manfred Matzka ihre soeben publizierten&hellip;&nbsp;<a href=\"http:\/\/icomos.at\/wp2021\/prasentation-und-diskussion-vorschlage-und-uberlegungen-fur-ein-neues-denkmalrecht\/\" class=\"\" rel=\"bookmark\">Weiterlesen &raquo;<span class=\"screen-reader-text\">Pr\u00e4sentation und Diskussion: Vorschl\u00e4ge und \u00dcberlegungen f\u00fcr ein neues Denkmalrecht<\/span><\/a><\/p>\n","protected":false},"author":2,"featured_media":0,"comment_status":"closed","ping_status":"open","sticky":false,"template":"","format":"standard","meta":{"neve_meta_sidebar":"full-width","neve_meta_container":"","neve_meta_enable_content_width":"off","neve_meta_content_width":0,"neve_meta_title_alignment":"","neve_meta_author_avatar":"","neve_post_elements_order":"","neve_meta_disable_header":"","neve_meta_disable_footer":"","neve_meta_disable_title":"","_ti_tpc_template_sync":false,"_ti_tpc_template_id":"","footnotes":""},"categories":[86],"tags":[],"class_list":["post-2563","post","type-post","status-publish","format-standard","hentry","category-aktivitaten"],"_links":{"self":[{"href":"http:\/\/icomos.at\/wp2021\/wp-json\/wp\/v2\/posts\/2563"}],"collection":[{"href":"http:\/\/icomos.at\/wp2021\/wp-json\/wp\/v2\/posts"}],"about":[{"href":"http:\/\/icomos.at\/wp2021\/wp-json\/wp\/v2\/types\/post"}],"author":[{"embeddable":true,"href":"http:\/\/icomos.at\/wp2021\/wp-json\/wp\/v2\/users\/2"}],"replies":[{"embeddable":true,"href":"http:\/\/icomos.at\/wp2021\/wp-json\/wp\/v2\/comments?post=2563"}],"version-history":[{"count":1,"href":"http:\/\/icomos.at\/wp2021\/wp-json\/wp\/v2\/posts\/2563\/revisions"}],"predecessor-version":[{"id":2564,"href":"http:\/\/icomos.at\/wp2021\/wp-json\/wp\/v2\/posts\/2563\/revisions\/2564"}],"wp:attachment":[{"href":"http:\/\/icomos.at\/wp2021\/wp-json\/wp\/v2\/media?parent=2563"}],"wp:term":[{"taxonomy":"category","embeddable":true,"href":"http:\/\/icomos.at\/wp2021\/wp-json\/wp\/v2\/categories?post=2563"},{"taxonomy":"post_tag","embeddable":true,"href":"http:\/\/icomos.at\/wp2021\/wp-json\/wp\/v2\/tags?post=2563"}],"curies":[{"name":"wp","href":"https:\/\/api.w.org\/{rel}","templated":true}]}}