{"id":3465,"date":"2023-04-06T06:46:46","date_gmt":"2023-04-06T06:46:46","guid":{"rendered":"http:\/\/icomos.at\/wp2021\/?p=3465"},"modified":"2023-06-07T13:47:51","modified_gmt":"2023-06-07T13:47:51","slug":"vortrag-1923-2023-100-jahre-denkmalschutzgesetz-in-oesterreich-die-sicht-von-icomos","status":"publish","type":"post","link":"http:\/\/icomos.at\/wp2021\/vortrag-1923-2023-100-jahre-denkmalschutzgesetz-in-oesterreich-die-sicht-von-icomos\/","title":{"rendered":"Vortrag: 1923-2023. 100 Jahre Denkmalschutzgesetz in \u00d6sterreich. Die Sicht von ICOMOS."},"content":{"rendered":"\t\t<div data-elementor-type=\"wp-post\" data-elementor-id=\"3465\" class=\"elementor elementor-3465\" data-elementor-post-type=\"post\">\n\t\t\t\t\t\t<section class=\"elementor-section elementor-top-section elementor-element elementor-element-20f2add8 elementor-section-boxed elementor-section-height-default elementor-section-height-default\" data-id=\"20f2add8\" data-element_type=\"section\">\n\t\t\t\t\t\t<div class=\"elementor-container elementor-column-gap-default\">\n\t\t\t\t\t<div class=\"elementor-column elementor-col-100 elementor-top-column elementor-element elementor-element-60568fb1\" data-id=\"60568fb1\" data-element_type=\"column\">\n\t\t\t<div class=\"elementor-widget-wrap elementor-element-populated\">\n\t\t\t\t\t\t<div class=\"elementor-element elementor-element-26353759 elementor-widget elementor-widget-text-editor\" data-id=\"26353759\" data-element_type=\"widget\" data-widget_type=\"text-editor.default\">\n\t\t\t\t<div class=\"elementor-widget-container\">\n\t\t\t\t\t\t\t<div data-uk-grid-match=\"\" data-uk-grid-margin=\"\"><h3><img decoding=\"async\" src=\"http:\/\/icomos.at\/wp2021\/wp-content\/uploads\/2021\/12\/20211201_Logo-Vortragsreihe-450x96.jpg\" alt=\"\" width=\"333\" height=\"71\" \/><\/h3><p><strong>Caroline J\u00e4ger-Klein<br \/><\/strong><\/p><p><span style=\"color: var( --e-global-color-text ); font-family: var( --e-global-typography-text-font-family ), Sans-serif; letter-spacing: 0px; background-color: var(--nv-site-bg);\"><b>Mittwoch, 19 April 2023, 19:00<\/b><\/span><b><\/b><\/p><p><span style=\"color: var( --e-global-color-text ); font-family: var( --e-global-typography-text-font-family ), Sans-serif; letter-spacing: 0px; background-color: var(--nv-site-bg);\"><b>H\u00f6rsaal 7 Sch\u00fctte-Lihotzky <\/b><\/span><\/p><h6 data-permalink=\"http:\/\/icomos.at\/wordpress\/2019\/09\/22\/vortrag-icomos-und-das-unesco-welterbe-in-oesterreich\/\"><span style=\"color: var( --e-global-color-text ); font-family: var( --e-global-typography-text-font-family ), Sans-serif; letter-spacing: 0px; background-color: var(--nv-site-bg);\"><b>Technische Universit\u00e4t Wien<\/b><\/span><br \/><strong>Karlsplatz 13<\/strong><br \/><strong>1040 Wien<\/strong><\/h6><div><p><span style=\"color: var( --e-global-color-text ); font-family: var( --e-global-typography-text-font-family ), Sans-serif; letter-spacing: 0px; background-color: var(--nv-site-bg);\">online:<\/span> <a href=\"https:\/\/tuwien.zoom.us\/j\/99354493132?pwd=ZjFYNklnVVJjZ2E2SDFOMTlIdTJXZz09#success\" target=\"_blank\" rel=\"noopener noreferrer\">https:\/\/tuwien.zoom.us\/j\/99354493132?pwd=ZjFYNklnVVJjZ2E2SDFOMTlIdTJXZz09#success<\/a><\/p><p>Meeting ID: 993 5449 3132<br \/>Meeting Code: ICOMOS21<\/p><\/div><div><h3><img fetchpriority=\"high\" decoding=\"async\" class=\"size-full wp-image-3479 aligncenter\" src=\"http:\/\/icomos.at\/wp2021\/wp-content\/uploads\/2023\/04\/Bildschirmfoto-2023-04-06-um-08.36.37.png\" alt=\"\" width=\"824\" height=\"500\" srcset=\"http:\/\/icomos.at\/wp2021\/wp-content\/uploads\/2023\/04\/Bildschirmfoto-2023-04-06-um-08.36.37.png 824w, http:\/\/icomos.at\/wp2021\/wp-content\/uploads\/2023\/04\/Bildschirmfoto-2023-04-06-um-08.36.37-450x273.png 450w, http:\/\/icomos.at\/wp2021\/wp-content\/uploads\/2023\/04\/Bildschirmfoto-2023-04-06-um-08.36.37-768x466.png 768w\" sizes=\"(max-width: 824px) 100vw, 824px\" \/><\/h3><\/div><p>Am 5.10.1923 trat das Bundesgesetz betreffend den Schutz von Denkmalen wegen ihrer geschichtlichen, k\u00fcnstlerischen oder sonstigen kulturellen Bedeutung (Denkmalschutzgesetz \u2013 DMSG) in Kraft. Es h\u00e4tte die h\u00f6chst moderne Denkmaltheorie der Wiener Schule um 1900, die weltweit als solche Anerkennung findet, in den innerstaatlichen Denkmalschutz und die Denkmalpflege der Republik \u00fcbertragen sollen. Nachdem der Hauptwiderstand des Adels und der Kirche durch die Aufl\u00f6sung der Habsburger Monarchie \u00fcberwunden schien, kam mit dem F\u00f6deralismus ein neues Hemmnis hinzu, das bis heute einen wirksamen Denkmalschutz im reibungslosen Zusammenspiel zwischen dem Denkmalschutzgesetz und Bauordnungen und Raumordnungen der L\u00e4nder verhindert. Die internationalen Richtlinien und Empfehlungen von ICOMOS und der UNESCO hingegen f\u00fchren l\u00e4ngst vor, wie es anders gehen k\u00f6nnte.<\/p><p>Daher erlaubt sich die derzeitige Pr\u00e4sidentin des \u00f6sterreichischen Nationalkomitees von ICOMOS, anl\u00e4sslich des runden Jubil\u00e4ums auszugsweise aufzuzeigen, was die Idealvorstellungen der Wiener Schule der Denkmaltheorie an ein modernes Denkmalschutzgesetz gewesen w\u00e4ren, wie dann die Realit\u00e4t ausgefallen ist, und was das UNESCO Welterbe in dieser Hinsicht deutlich besser kann.<\/p><p><strong>Ao. Univ.-Prof. Dipl.-Ing. Dr. Caroline J\u00e4ger-Klein<\/strong> studierte Architektur an der Technischen Universit\u00e4t Wien und an der University of Michigan, USA. Sie ist heute an der Technischen Universit\u00e4t Wien Professorin f\u00fcr Architekturgeschichte mit Schwerpunkt \u00f6sterreichische Architekturgeschichte des 19. und 20. Jahrhunderts und Bauen im Bestand. International gilt sie als Spezialistin f\u00fcr den Kulturg\u00fcterschutz und die Architekturgeschichte des Balkanraumes. Heuer noch werden dazu die Erkenntnisse aus dem ERC-Grant gef\u00f6rderten Forschungsprojekt zu Habsburg-Bosnien, angesiedelt an der Universit\u00e4t Wien am Institut f\u00fcr Kunstgeschichte, sowie der Band Nieder\u00f6sterreich zur Architektur in \u00d6sterreich im 20. Jahrhundert nach Friedrich Achleitner, Ergebnis der Zusammenarbeit zwischen dem Forum Morgen Nieder\u00f6sterreich, dem Architekturzentrum Wien und der Technischen Universit\u00e4t Wien, in Buchform erscheinen.<\/p><p>Hier k\u00f6nnen Sie die Aufnahme des Vortrags nachschauen:<\/p><div style=\"width: 1200px;\" class=\"wp-video\"><!--[if lt IE 9]><script>document.createElement('video');<\/script><![endif]-->\n<video class=\"wp-video-shortcode\" id=\"video-3465-1\" width=\"1200\" height=\"750\" preload=\"metadata\" controls=\"controls\"><source type=\"video\/mp4\" src=\"http:\/\/icomos.at\/wp2021\/wp-content\/uploads\/2023\/06\/GMT20230419-170727_Recording_1920x1200.mp4?_=1\" \/><a href=\"http:\/\/icomos.at\/wp2021\/wp-content\/uploads\/2023\/06\/GMT20230419-170727_Recording_1920x1200.mp4\">http:\/\/icomos.at\/wp2021\/wp-content\/uploads\/2023\/06\/GMT20230419-170727_Recording_1920x1200.mp4<\/a><\/video><\/div><div>\u00a0<\/div><div id=\"cc-m-14624095133\" class=\"j-module n j-text \">\u00a0<\/div><\/div>\t\t\t\t\t\t<\/div>\n\t\t\t\t<\/div>\n\t\t\t\t\t<\/div>\n\t\t<\/div>\n\t\t\t\t\t<\/div>\n\t\t<\/section>\n\t\t\t\t<\/div>\n\t\t","protected":false},"excerpt":{"rendered":"<p>Caroline J\u00e4ger-Klein Mittwoch, 19 April 2023, 19:00 H\u00f6rsaal 7 Sch\u00fctte-Lihotzky Technische Universit\u00e4t WienKarlsplatz 131040 Wien online: https:\/\/tuwien.zoom.us\/j\/99354493132?pwd=ZjFYNklnVVJjZ2E2SDFOMTlIdTJXZz09#success Meeting ID: 993 5449 3132Meeting Code: ICOMOS21 Am 5.10.1923 trat das Bundesgesetz betreffend den Schutz von Denkmalen wegen ihrer geschichtlichen, k\u00fcnstlerischen oder sonstigen kulturellen Bedeutung (Denkmalschutzgesetz \u2013 DMSG) in Kraft. Es h\u00e4tte die h\u00f6chst moderne Denkmaltheorie der Wiener&hellip;&nbsp;<a href=\"http:\/\/icomos.at\/wp2021\/vortrag-1923-2023-100-jahre-denkmalschutzgesetz-in-oesterreich-die-sicht-von-icomos\/\" class=\"\" rel=\"bookmark\">Weiterlesen &raquo;<span class=\"screen-reader-text\">Vortrag: 1923-2023. 100 Jahre Denkmalschutzgesetz in \u00d6sterreich. Die Sicht von ICOMOS.<\/span><\/a><\/p>\n","protected":false},"author":3,"featured_media":0,"comment_status":"closed","ping_status":"open","sticky":false,"template":"","format":"standard","meta":{"neve_meta_sidebar":"full-width","neve_meta_container":"","neve_meta_enable_content_width":"off","neve_meta_content_width":0,"neve_meta_title_alignment":"","neve_meta_author_avatar":"","neve_post_elements_order":"","neve_meta_disable_header":"","neve_meta_disable_footer":"","neve_meta_disable_title":"","_ti_tpc_template_sync":false,"_ti_tpc_template_id":"","footnotes":""},"categories":[91],"tags":[],"class_list":["post-3465","post","type-post","status-publish","format-standard","hentry","category-vortrage"],"_links":{"self":[{"href":"http:\/\/icomos.at\/wp2021\/wp-json\/wp\/v2\/posts\/3465"}],"collection":[{"href":"http:\/\/icomos.at\/wp2021\/wp-json\/wp\/v2\/posts"}],"about":[{"href":"http:\/\/icomos.at\/wp2021\/wp-json\/wp\/v2\/types\/post"}],"author":[{"embeddable":true,"href":"http:\/\/icomos.at\/wp2021\/wp-json\/wp\/v2\/users\/3"}],"replies":[{"embeddable":true,"href":"http:\/\/icomos.at\/wp2021\/wp-json\/wp\/v2\/comments?post=3465"}],"version-history":[{"count":32,"href":"http:\/\/icomos.at\/wp2021\/wp-json\/wp\/v2\/posts\/3465\/revisions"}],"predecessor-version":[{"id":3600,"href":"http:\/\/icomos.at\/wp2021\/wp-json\/wp\/v2\/posts\/3465\/revisions\/3600"}],"wp:attachment":[{"href":"http:\/\/icomos.at\/wp2021\/wp-json\/wp\/v2\/media?parent=3465"}],"wp:term":[{"taxonomy":"category","embeddable":true,"href":"http:\/\/icomos.at\/wp2021\/wp-json\/wp\/v2\/categories?post=3465"},{"taxonomy":"post_tag","embeddable":true,"href":"http:\/\/icomos.at\/wp2021\/wp-json\/wp\/v2\/tags?post=3465"}],"curies":[{"name":"wp","href":"https:\/\/api.w.org\/{rel}","templated":true}]}}